{"id":454,"date":"2018-12-12T22:18:37","date_gmt":"2018-12-12T20:18:37","guid":{"rendered":"https:\/\/www.viaje-seguro.es\/blog\/?p=454"},"modified":"2024-06-27T22:09:49","modified_gmt":"2024-06-27T20:09:49","slug":"como-llegar-a-paris-la-ciudad-de-la-luz-desde-espana","status":"publish","type":"post","link":"https:\/\/www.viaje-seguro.es\/blog\/como-llegar-a-paris-la-ciudad-de-la-luz-desde-espana\/12\/2018\/","title":{"rendered":"Como llegar a Par\u00eds, la ciudad de la luz desde Espa\u00f1a"},"content":{"rendered":"\r\n<p class=\"wp-block-paragraph\">La capital francesa<strong> es un importante destino tur\u00edstico internacional<\/strong>, y por su cercan\u00eda con Espa\u00f1a es posible llegar de m\u00faltiples formas.<\/p>\r\n\r\n\r\n\r\n<p class=\"wp-block-paragraph\" style=\"text-align: center;\"><br \/><strong><em><a href=\"https:\/\/www.viaje-seguro.es\/\">Compara los seguros de Viaje m\u00e1s baratos en tan solo unos minutos<\/a><\/em><\/strong><\/p>\r\n\r\n\r\n\r\n<div id=\"ez-toc-container\" class=\"ez-toc-v2_0_87 counter-hierarchy ez-toc-counter ez-toc-grey ez-toc-container-direction\">\n<div class=\"ez-toc-title-container\">\n<p class=\"ez-toc-title\" style=\"cursor:inherit\">Table of Contents<\/p>\n<span class=\"ez-toc-title-toggle\"><a href=\"#\" class=\"ez-toc-pull-right ez-toc-btn ez-toc-btn-xs ez-toc-btn-default ez-toc-toggle\" aria-label=\"Alternar tabla de contenidos\"><span class=\"ez-toc-js-icon-con\"><span class=\"\"><span class=\"eztoc-hide\" style=\"display:none;\">Toggle<\/span><span class=\"ez-toc-icon-toggle-span\"><svg style=\"fill: #999;color:#999\" xmlns=\"http:\/\/www.w3.org\/2000\/svg\" class=\"list-377408\" width=\"20px\" height=\"20px\" viewBox=\"0 0 24 24\" fill=\"none\"><path d=\"M6 6H4v2h2V6zm14 0H8v2h12V6zM4 11h2v2H4v-2zm16 0H8v2h12v-2zM4 16h2v2H4v-2zm16 0H8v2h12v-2z\" fill=\"currentColor\"><\/path><\/svg><svg style=\"fill: #999;color:#999\" class=\"arrow-unsorted-368013\" xmlns=\"http:\/\/www.w3.org\/2000\/svg\" width=\"10px\" height=\"10px\" viewBox=\"0 0 24 24\" version=\"1.2\" baseProfile=\"tiny\"><path d=\"M18.2 9.3l-6.2-6.3-6.2 6.3c-.2.2-.3.4-.3.7s.1.5.3.7c.2.2.4.3.7.3h11c.3 0 .5-.1.7-.3.2-.2.3-.5.3-.7s-.1-.5-.3-.7zM5.8 14.7l6.2 6.3 6.2-6.3c.2-.2.3-.5.3-.7s-.1-.5-.3-.7c-.2-.2-.4-.3-.7-.3h-11c-.3 0-.5.1-.7.3-.2.2-.3.5-.3.7s.1.5.3.7z\"\/><\/svg><\/span><\/span><\/span><\/a><\/span><\/div>\n<nav><ul class='ez-toc-list ez-toc-list-level-1 ' ><li class='ez-toc-page-1 ez-toc-heading-level-3'><a class=\"ez-toc-link ez-toc-heading-1\" href=\"https:\/\/www.viaje-seguro.es\/blog\/como-llegar-a-paris-la-ciudad-de-la-luz-desde-espana\/12\/2018\/#Llegar_a_Paris_en_avion\" >Llegar a Par\u00eds en avi\u00f3n<\/a><\/li><li class='ez-toc-page-1 ez-toc-heading-level-3'><a class=\"ez-toc-link ez-toc-heading-2\" href=\"https:\/\/www.viaje-seguro.es\/blog\/como-llegar-a-paris-la-ciudad-de-la-luz-desde-espana\/12\/2018\/#Llegar_en_Tren\" >Llegar en Tren<\/a><\/li><li class='ez-toc-page-1 ez-toc-heading-level-3'><a class=\"ez-toc-link ez-toc-heading-3\" href=\"https:\/\/www.viaje-seguro.es\/blog\/como-llegar-a-paris-la-ciudad-de-la-luz-desde-espana\/12\/2018\/#En_Autobus\" >En Autob\u00fas<\/a><\/li><li class='ez-toc-page-1 ez-toc-heading-level-3'><a class=\"ez-toc-link ez-toc-heading-4\" href=\"https:\/\/www.viaje-seguro.es\/blog\/como-llegar-a-paris-la-ciudad-de-la-luz-desde-espana\/12\/2018\/#Llegar_en_coche\" >Llegar en coche<\/a><\/li><li class='ez-toc-page-1 ez-toc-heading-level-3'><a class=\"ez-toc-link ez-toc-heading-5\" href=\"https:\/\/www.viaje-seguro.es\/blog\/como-llegar-a-paris-la-ciudad-de-la-luz-desde-espana\/12\/2018\/#De_turismo_por_la_Ciudad_de_la_luz\" >De turismo por la Ciudad de la luz<\/a><\/li><li class='ez-toc-page-1 ez-toc-heading-level-3'><a class=\"ez-toc-link ez-toc-heading-6\" href=\"https:\/\/www.viaje-seguro.es\/blog\/como-llegar-a-paris-la-ciudad-de-la-luz-desde-espana\/12\/2018\/#Torre_Eiffel\" >Torre Eiffel<\/a><\/li><li class='ez-toc-page-1 ez-toc-heading-level-3'><a class=\"ez-toc-link ez-toc-heading-7\" href=\"https:\/\/www.viaje-seguro.es\/blog\/como-llegar-a-paris-la-ciudad-de-la-luz-desde-espana\/12\/2018\/#Barrio_Latino\" >Barrio Latino<\/a><\/li><li class='ez-toc-page-1 ez-toc-heading-level-3'><a class=\"ez-toc-link ez-toc-heading-8\" href=\"https:\/\/www.viaje-seguro.es\/blog\/como-llegar-a-paris-la-ciudad-de-la-luz-desde-espana\/12\/2018\/#Varios_sitios_de_interes\" >Varios sitios de inter\u00e9s<\/a><\/li><li class='ez-toc-page-1 ez-toc-heading-level-3'><a class=\"ez-toc-link ez-toc-heading-9\" href=\"https:\/\/www.viaje-seguro.es\/blog\/como-llegar-a-paris-la-ciudad-de-la-luz-desde-espana\/12\/2018\/#Louvre\" >Louvre<\/a><\/li><li class='ez-toc-page-1 ez-toc-heading-level-3'><a class=\"ez-toc-link ez-toc-heading-10\" href=\"https:\/\/www.viaje-seguro.es\/blog\/como-llegar-a-paris-la-ciudad-de-la-luz-desde-espana\/12\/2018\/#Funicular_de_Montmartre\" >Funicular de Montmartre<\/a><\/li><\/ul><\/nav><\/div>\n<h3 class=\"wp-block-heading\"><span class=\"ez-toc-section\" id=\"Llegar_a_Paris_en_avion\"><\/span>Llegar a Par\u00eds en avi\u00f3n<span class=\"ez-toc-section-end\"><\/span><\/h3>\r\n\r\n\r\n\r\n<p class=\"wp-block-paragraph\">La forma m\u00e1s r\u00e1pida y com\u00fan de llegar es en avi\u00f3n, sobre todo con el aumento de los <strong>vuelos baratos<\/strong>. Una reserva anticipada de ida y vuelta desde el pa\u00eds facilita mucho las cosas. Los dos principales aeropuertos internacionales de la ciudad, por orden de importancia son:<\/p>\r\n\r\n\r\n\r\n<ul class=\"wp-block-list\">\r\n<li>El Charles de Gaulle es considerado el principal aeropuerto de Par\u00eds y tambi\u00e9n el segundo en Europa. Las cifras ya eran impresionantes cuando en el 2015 traslad\u00f3 a 65 millones de personas.<\/li>\r\n<li>Aeropuerto de Orly, moviliz\u00f3 en el 2016 a 31 millones de pasajeros.<\/li>\r\n<li>\u00a0<\/li>\r\n<\/ul>\r\n\r\n\r\n\r\n<p class=\"wp-block-paragraph\">Tambi\u00e9n puedes ubicarte <strong>el Aeropuerto de Beauvais<\/strong>, aunque no es muy grande <strong>es usado com\u00fanmente para los vuelos econ\u00f3micos<\/strong>. Est\u00e1 ubicado en una localidad llamada Till\u00e9, que se encuentra a 85 kil\u00f3metros al norte de Par\u00eds.<\/p>\r\n\r\n\r\n\r\n<h3 class=\"wp-block-heading\"><span class=\"ez-toc-section\" id=\"Llegar_en_Tren\"><\/span>Llegar en Tren<span class=\"ez-toc-section-end\"><\/span><\/h3>\r\n\r\n\r\n\r\n<p class=\"wp-block-paragraph\"><strong>El costo es m\u00e1s elevado que en avi\u00f3n<\/strong>, tambi\u00e9n es un recorrido muy lento porque demora 12 horas. Es especialmente recomendado si prefieres el paseo por tierra o simplemente temes el viaje en avi\u00f3n. <\/p>\r\n\r\n\r\n\r\n<p class=\"wp-block-paragraph\">Una ruta parte desde Madrid y tiene paradas en Valladolid, Burgos y Vitoria.<\/p>\r\n\r\n\r\n\r\n<p class=\"wp-block-paragraph\">Otra ruta tiene origen en Barcelona y tiene paradas en Girona y Figueres<\/p>\r\n\r\n\r\n\r\n<h3 class=\"wp-block-heading\"><span class=\"ez-toc-section\" id=\"En_Autobus\"><\/span>En Autob\u00fas<span class=\"ez-toc-section-end\"><\/span><\/h3>\r\n\r\n\r\n\r\n<p class=\"wp-block-paragraph\"><strong>Tardas entre 16 a 18 desde Madrid <\/strong>y entre 1 y 15 horas si partes desde Barcelona. Y la estaci\u00f3n de autobuses de destino se encuentra bien comunicada con el resto del transporte p\u00fablico de la ciudad.<\/p>\r\n\r\n\r\n\r\n<h3 class=\"wp-block-heading\"><span class=\"ez-toc-section\" id=\"Llegar_en_coche\"><\/span>Llegar en coche<span class=\"ez-toc-section-end\"><\/span><\/h3>\r\n\r\n\r\n\r\n<p class=\"wp-block-paragraph\">Muchos prefieren la independencia de un viaje en coche, adem\u00e1s de la cercan\u00eda con las rutas tur\u00edsticas. <strong>Ofreciendo un abanico de experiencias inolvidables desde el momento de la partida. <\/strong><\/p>\r\n\r\n\r\n\r\n<p class=\"wp-block-paragraph\">La distancia en carreteras hasta Par\u00eds es de 1.270 km partiendo desde Madrid. Y 1.031 km si lo haces desde Barcelona.<\/p>\r\n\r\n\r\n\r\n<h3 class=\"wp-block-heading\"><span class=\"ez-toc-section\" id=\"De_turismo_por_la_Ciudad_de_la_luz\"><\/span>De turismo por la Ciudad de la luz<span class=\"ez-toc-section-end\"><\/span><\/h3>\r\n\r\n\r\n\r\n<p class=\"wp-block-paragraph\">Par\u00eds <strong>es una explosi\u00f3n a los sentidos<\/strong>, posee atracciones culturales, comerciales, animado ambiente, vida nocturna y <strong>una rica variedad gastron\u00f3mica<\/strong>. Hacer un buen itinerario te permitir\u00e1 disfrutar al m\u00e1ximo de la vida parisina.<\/p>\r\n\r\n\r\n\r\n<p class=\"wp-block-paragraph\" style=\"text-align: center;\"><br \/><strong><em><a href=\"https:\/\/www.viaje-seguro.es\/\">Compara los seguros de Viaje m\u00e1s baratos en tan solo unos minutos<\/a><\/em><\/strong><\/p>\r\n\r\n\r\n\r\n<p class=\"wp-block-paragraph\">Podr\u00e1s visitar <strong>impresionantes monumentos<\/strong>, hermosos jardines y comprar en los comercios m\u00e1s ecl\u00e9cticos. Sin dejar de disfrutar un delicioso caf\u00e9 al aire libre y contemplar en entorno. <\/p>\r\n\r\n\r\n\r\n<h3 class=\"wp-block-heading\"><span class=\"ez-toc-section\" id=\"Torre_Eiffel\"><\/span>Torre Eiffel<span class=\"ez-toc-section-end\"><\/span><\/h3>\r\n\r\n\r\n\r\n<p class=\"wp-block-paragraph\"><strong>Es el s\u00edmbolo de Par\u00eds<\/strong> asentada en los Campos de Marte. Su mejor impresi\u00f3n la tendr\u00e1s cuando llegas en metro a la parada de Trocadero. <\/p>\r\n\r\n\r\n\r\n<p class=\"wp-block-paragraph\">Desde all\u00ed llegar\u00e1s f\u00e1cilmente hasta la base donde podr\u00e1s adquirir un billete para su acceso. Cada billete accede a diferentes niveles, y ya que est\u00e9s all\u00ed \u00bfpor qu\u00e9 no ver por el mirador m\u00e1s alto? Este se encuentra en el tercer nivel \u00a1No te arrepentir\u00e1s!<\/p>\r\n\r\n\r\n\r\n<h3 class=\"wp-block-heading\"><span class=\"ez-toc-section\" id=\"Barrio_Latino\"><\/span>Barrio Latino<span class=\"ez-toc-section-end\"><\/span><\/h3>\r\n\r\n\r\n\r\n<p class=\"wp-block-paragraph\">Un breve traslado en tren te llevar\u00e1 desde la torre al popular y m\u00e1s <strong>econ\u00f3mico lugar para cenar<\/strong>. Despu\u00e9s de un par de copas, el paseo no tiene porque detenerse ya que tiene interesantes monumentos iluminados.<\/p>\r\n\r\n\r\n\r\n<p class=\"wp-block-paragraph\">Al atravesar desde el Barrio Latino por los puentes del Sena estar\u00e1s en <strong>Notre Dame<\/strong>. En la que podr\u00e1s ver como sus g\u00e1rgolas contemplan vigilantes a la ciudad. Al atravesar la \u00cele de la Cit\u00e9 podr\u00e1s apreciar al Hotel de Ville que es el edificio del ayuntamiento de Par\u00eds.<\/p>\r\n\r\n\r\n\r\n<h3 class=\"wp-block-heading\"><span class=\"ez-toc-section\" id=\"Varios_sitios_de_interes\"><\/span>Varios sitios de inter\u00e9s<span class=\"ez-toc-section-end\"><\/span><\/h3>\r\n\r\n\r\n\r\n<p class=\"wp-block-paragraph\">La iglesia de <strong>Los Inv\u00e1lidos<\/strong> tiene bajo su c\u00fapula central <strong>la tumba de Napole\u00f3n<\/strong>.<\/p>\r\n\r\n\r\n\r\n<p class=\"wp-block-paragraph\">Al lado encontrar\u00e1s el <strong>Museo Rodin<\/strong>, con las principales obras escult\u00f3ricas en el jard\u00edn.<\/p>\r\n\r\n\r\n\r\n<p class=\"wp-block-paragraph\">M\u00e1s all\u00e1 de la explanada de Los Inv\u00e1lidos vas a llegar al puente m\u00e1s bonito de la ciudad el de <strong>Alexandre III<\/strong>. Al seguir en l\u00ednea recta pasas por el <strong>Grand Palais <\/strong>y el gratuito <strong>Petit Palais, <\/strong>que tiene un patio muy interesante.<\/p>\r\n\r\n\r\n\r\n<p class=\"wp-block-paragraph\">A partir de all\u00ed y por la <strong>Avenida Churchill<\/strong> podr\u00e1s llegar a los maravillosos <strong>Campos El\u00edseos<\/strong>. Desde donde ver\u00e1s a mano izquierda el imponente Arco del Triunfo. Y puedes subir hasta la cima porque ofrece una de las mejores vistas de la ciudad adem\u00e1s de las de la torre. <\/p>\r\n\r\n\r\n\r\n<p class=\"wp-block-paragraph\">En sus cercan\u00edas puedes husmear los escaparates de los dise\u00f1adores o simplemente tomarte un caf\u00e9 en una exclusiva terraza. <\/p>\r\n\r\n\r\n\r\n<p class=\"wp-block-paragraph\">Devolvi\u00e9ndote por los Campos El\u00edseos a media hora caminado encontrar\u00e1s <strong>la Plaza de la Concordia<\/strong>, que tiene <strong>el obelisco de L\u00faxor<\/strong>. Tomando como referencia el centro de esta plaza, hallar\u00e1s al este los Jardines de las Tuller\u00edas. Al sur la Asamblea Nacional, al oeste los campos que acabas de pasar y al norte <strong>la Iglesia de Madeleine.<\/strong><\/p>\r\n\r\n\r\n\r\n<p class=\"wp-block-paragraph\">Es precisamente caminando hacia el norte que transitaras una de las m\u00e1s famosas calles comerciales, la <strong>Rue Royale<\/strong>. Si vieras un poco a la izquierda antes de entrar a la iglesia tomar\u00e1s la calle Saint Honor\u00e9 que lleva a la Plaza Vendome que tiene una famosa copia de la columna de Trajano de Roma.<\/p>\r\n\r\n\r\n\r\n<h3 class=\"wp-block-heading\"><span class=\"ez-toc-section\" id=\"Louvre\"><\/span>Louvre<span class=\"ez-toc-section-end\"><\/span><\/h3>\r\n\r\n\r\n\r\n<p class=\"wp-block-paragraph\">Al recorrer los Jardines de las Tuller\u00edas llegar\u00e1s al espl\u00e9ndido <strong>Museo del Louvre,<\/strong> y perderte en la cultura por horas.<\/p>\r\n\r\n\r\n\r\n<p class=\"wp-block-paragraph\">Al salir del museo hacia el norte, toma la Avenida de la \u00d3pera que fue construida por <strong>Napole\u00f3n III<\/strong>. Su fin es de comunicar el Louvre con el actual edificio de la \u00d3pera, entonces llamado <strong>Palacio Garnier.<\/strong><\/p>\r\n\r\n\r\n\r\n<p class=\"wp-block-paragraph\">Al rodearlo llegas al Boulevard Haussmann donde encontrar\u00e1 dos inmensos almacenes. <strong>El Printemps y la Galer\u00eda Lafayette <\/strong>con su pintoresca c\u00fapula. M\u00e1s all\u00e1 est\u00e1 el metro de los grandes bulevares con su Museo de la Cera Gr\u00e9vin y el Hard Rock Caf\u00e9.<\/p>\r\n\r\n\r\n\r\n<h3 class=\"wp-block-heading\"><span class=\"ez-toc-section\" id=\"Funicular_de_Montmartre\"><\/span>Funicular de Montmartre<span class=\"ez-toc-section-end\"><\/span><\/h3>\r\n\r\n\r\n\r\n<p class=\"wp-block-paragraph\">La parte m\u00e1s bohemia de la ciudad y con una estridente vida nocturna es <strong>el Boulevard de Clichy<\/strong>. Para salir de all\u00ed caminas hacia el este y ver\u00e1s la parada del metro Anvers. <\/p>\r\n\r\n\r\n\r\n<p class=\"wp-block-paragraph\">Frente a ti habr\u00e1 doscientos escalones que subir, a menos que prefieras el hist\u00f3rico <strong>Funicular de Montmartre<\/strong>. Una vez arriba frente a la Bas\u00edlica del Sagrado Coraz\u00f3n recorre sus calles para estar en la Plaza de los Pintores o Plaza du Tertre.<\/p>\r\n\r\n\r\n\r\n<p class=\"wp-block-paragraph\">Finaliza el d\u00eda contemplando un espect\u00e1culo en el Moulin Rouge.<\/p>\r\n\r\n\r\n\r\n<blockquote class=\"wp-block-quote is-layout-flow wp-block-quote-is-layout-flow\">\r\n<p>Datos de inter\u00e9s<\/p>\r\n<p>A diario se celebra el mercado de las plantas en la Place Louis L\u00e9pine, cerca de Notre Dame. Los domingos hay puestos de p\u00e1jaros.<\/p>\r\n<p>El Pante\u00f3n est\u00e1 en la Rue Soufflot al que llegar\u00e1s por el Boulevard Saint-Michel cerca del Barrio Latino. Donde tambi\u00e9n encontrar\u00e1s los Jardines de Luxemburgo.<br \/>No puedes dejar de visitar el Palacio de Versalles.<\/p>\r\n<\/blockquote>\r\n","protected":false},"excerpt":{"rendered":"<p>La capital francesa es un importante destino tur\u00edstico internacional, y por su cercan\u00eda con Espa\u00f1a es posible llegar de m\u00faltiples formas. Compara los seguros de Viaje m\u00e1s baratos en tan solo unos minutos Llegar a Par\u00eds en avi\u00f3n La forma m\u00e1s r\u00e1pida y com\u00fan de llegar es en avi\u00f3n, sobre todo con el aumento de [&hellip;]<\/p>\n","protected":false},"author":1,"featured_media":457,"comment_status":"open","ping_status":"open","sticky":false,"template":"","format":"standard","meta":{"_et_pb_use_builder":"","_et_pb_old_content":"","_et_gb_content_width":"","footnotes":""},"categories":[4],"tags":[34],"class_list":["post-454","post","type-post","status-publish","format-standard","has-post-thumbnail","hentry","category-viajes","tag-torre-eiffel"],"_links":{"self":[{"href":"https:\/\/www.viaje-seguro.es\/blog\/wp-json\/wp\/v2\/posts\/454","targetHints":{"allow":["GET"]}}],"collection":[{"href":"https:\/\/www.viaje-seguro.es\/blog\/wp-json\/wp\/v2\/posts"}],"about":[{"href":"https:\/\/www.viaje-seguro.es\/blog\/wp-json\/wp\/v2\/types\/post"}],"author":[{"embeddable":true,"href":"https:\/\/www.viaje-seguro.es\/blog\/wp-json\/wp\/v2\/users\/1"}],"replies":[{"embeddable":true,"href":"https:\/\/www.viaje-seguro.es\/blog\/wp-json\/wp\/v2\/comments?post=454"}],"version-history":[{"count":1,"href":"https:\/\/www.viaje-seguro.es\/blog\/wp-json\/wp\/v2\/posts\/454\/revisions"}],"predecessor-version":[{"id":1422,"href":"https:\/\/www.viaje-seguro.es\/blog\/wp-json\/wp\/v2\/posts\/454\/revisions\/1422"}],"wp:featuredmedia":[{"embeddable":true,"href":"https:\/\/www.viaje-seguro.es\/blog\/wp-json\/wp\/v2\/media\/457"}],"wp:attachment":[{"href":"https:\/\/www.viaje-seguro.es\/blog\/wp-json\/wp\/v2\/media?parent=454"}],"wp:term":[{"taxonomy":"category","embeddable":true,"href":"https:\/\/www.viaje-seguro.es\/blog\/wp-json\/wp\/v2\/categories?post=454"},{"taxonomy":"post_tag","embeddable":true,"href":"https:\/\/www.viaje-seguro.es\/blog\/wp-json\/wp\/v2\/tags?post=454"}],"curies":[{"name":"wp","href":"https:\/\/api.w.org\/{rel}","templated":true}]}}