{"id":1495,"date":"2024-11-18T03:29:38","date_gmt":"2024-11-18T01:29:38","guid":{"rendered":"https:\/\/www.viaje-seguro.es\/blog\/?p=1495"},"modified":"2024-11-18T03:29:38","modified_gmt":"2024-11-18T01:29:38","slug":"encendido-de-luces-en-vigo","status":"publish","type":"post","link":"https:\/\/www.viaje-seguro.es\/blog\/encendido-de-luces-en-vigo\/11\/2024\/","title":{"rendered":"Encendido de luces en Vigo 2024 | \u00bfQu\u00e9 hacer en la ciudad?"},"content":{"rendered":"<p><span style=\"font-weight: 400;\">El emotivo encendido de luces en Vigo trajo consigo muchos comentarios y opiniones, por el inesperado mensaje de apoyo que fue compartido a la comunidad valenciana tras el paso de la DANA. El \u00e1rbol de Navidad de 44 metros se ilumin\u00f3 <\/span><b>dejando entrever la bandera de la Comunidad Valenciana.\u00a0<\/b><\/p>\n<p><span style=\"font-weight: 400;\">Pero esto no fue todo, ya que en medio de la bandera tambi\u00e9n se pudo leer la frase \u00abForza Valencia\u00bb, <\/span><b>esto mientras sonaba el himno de la regi\u00f3n.<\/b><span style=\"font-weight: 400;\"> Dicha muestra de solidaridad y respeto tras la tragedia de la DANA emocion\u00f3 mucho a los miles de asistentes.<\/span><\/p>\n<p><span style=\"font-weight: 400;\">La tradici\u00f3n en Vigo es bastante particular, puesto que este \u00e1rbol de Navidad es tan grande que muchos bromean sobre que ilumina alrededor del mundo. <\/span><b>El encendido se realiz\u00f3 a las 20:00 horas ante m\u00e1s de 7.000 de personas.\u00a0<\/b><\/p>\n<table>\n<tbody>\n<tr>\n<td><b>Descubre: <\/b><a title=\"Viajar a Islandia en 2024\" href=\"https:\/\/www.viaje-seguro.es\/blog\/viajar-a-islandia-en-2024\/10\/2024\/\" target=\"_blank\" rel=\"noopener\"><b>Viajar a Islandia en 2024: Requisitos y Oportunidades<\/b><\/a><\/td>\n<\/tr>\n<\/tbody>\n<\/table>\n<h2><\/h2>\n<div id=\"ez-toc-container\" class=\"ez-toc-v2_0_87 counter-hierarchy ez-toc-counter ez-toc-grey ez-toc-container-direction\">\n<div class=\"ez-toc-title-container\">\n<p class=\"ez-toc-title\" style=\"cursor:inherit\">Table of Contents<\/p>\n<span class=\"ez-toc-title-toggle\"><a href=\"#\" class=\"ez-toc-pull-right ez-toc-btn ez-toc-btn-xs ez-toc-btn-default ez-toc-toggle\" aria-label=\"Alternar tabla de contenidos\"><span class=\"ez-toc-js-icon-con\"><span class=\"\"><span class=\"eztoc-hide\" style=\"display:none;\">Toggle<\/span><span class=\"ez-toc-icon-toggle-span\"><svg style=\"fill: #999;color:#999\" xmlns=\"http:\/\/www.w3.org\/2000\/svg\" class=\"list-377408\" width=\"20px\" height=\"20px\" viewBox=\"0 0 24 24\" fill=\"none\"><path d=\"M6 6H4v2h2V6zm14 0H8v2h12V6zM4 11h2v2H4v-2zm16 0H8v2h12v-2zM4 16h2v2H4v-2zm16 0H8v2h12v-2z\" fill=\"currentColor\"><\/path><\/svg><svg style=\"fill: #999;color:#999\" class=\"arrow-unsorted-368013\" xmlns=\"http:\/\/www.w3.org\/2000\/svg\" width=\"10px\" height=\"10px\" viewBox=\"0 0 24 24\" version=\"1.2\" baseProfile=\"tiny\"><path d=\"M18.2 9.3l-6.2-6.3-6.2 6.3c-.2.2-.3.4-.3.7s.1.5.3.7c.2.2.4.3.7.3h11c.3 0 .5-.1.7-.3.2-.2.3-.5.3-.7s-.1-.5-.3-.7zM5.8 14.7l6.2 6.3 6.2-6.3c.2-.2.3-.5.3-.7s-.1-.5-.3-.7c-.2-.2-.4-.3-.7-.3h-11c-.3 0-.5.1-.7.3-.2.2-.3.5-.3.7s.1.5.3.7z\"\/><\/svg><\/span><\/span><\/span><\/a><\/span><\/div>\n<nav><ul class='ez-toc-list ez-toc-list-level-1 ' ><li class='ez-toc-page-1 ez-toc-heading-level-2'><a class=\"ez-toc-link ez-toc-heading-1\" href=\"https:\/\/www.viaje-seguro.es\/blog\/encendido-de-luces-en-vigo\/11\/2024\/#%C2%BFComo_fue_el_encendido_de_luces_en_Vigo\" >\u00bfC\u00f3mo fue el encendido de luces en Vigo?<\/a><ul class='ez-toc-list-level-3' ><li class='ez-toc-heading-level-3'><a class=\"ez-toc-link ez-toc-heading-2\" href=\"https:\/\/www.viaje-seguro.es\/blog\/encendido-de-luces-en-vigo\/11\/2024\/#El_encendido_de_luces_en_Vigo_se_extendio_varias_calles\" >El encendido de luces en Vigo se extendi\u00f3 varias calles<\/a><\/li><\/ul><\/li><li class='ez-toc-page-1 ez-toc-heading-level-2'><a class=\"ez-toc-link ez-toc-heading-3\" href=\"https:\/\/www.viaje-seguro.es\/blog\/encendido-de-luces-en-vigo\/11\/2024\/#%C2%BFQue_hacer_en_Vigo_en_esta_navidad\" >\u00bfQu\u00e9 hacer en Vigo en esta navidad?<\/a><\/li><\/ul><\/nav><\/div>\n<h2><span class=\"ez-toc-section\" id=\"%C2%BFComo_fue_el_encendido_de_luces_en_Vigo\"><\/span><span style=\"color: #ff6600;\"><b>\u00bfC\u00f3mo fue el encendido de luces en Vigo?<\/b><\/span><span class=\"ez-toc-section-end\"><\/span><\/h2>\n<p><span style=\"font-weight: 400;\">El alcalde de Vigo, Abel Caballero, fue el encargado de encender las luces del \u00e1rbol. Asimismo, <\/span><b>el aforo fue bastante grande<\/b><span style=\"font-weight: 400;\">, incluso un poco m\u00e1s de lo que se esperaba inicialmente.<\/span><\/p>\n<p><span style=\"font-weight: 400;\">De hecho, el encendido de luces en Vigo ha crecido considerablemente con los a\u00f1os. Adem\u00e1s, <\/span><b>se trata de una explosi\u00f3n de luces con proyecciones LED<\/b><span style=\"font-weight: 400;\"> que decorar\u00e1n m\u00e1s de 420 calles de la ciudad.<\/span><\/p>\n<p><span style=\"font-weight: 400;\">Por otro lado, el alcalde tambi\u00e9n mencion\u00f3 algo sobre la crisis que dej\u00f3 el paso de la DANA. Dentro de sus palabras se coment\u00f3:<\/span><b> \u00abHoy y siempre, estamos con Valencia\u00bb.<\/b><span style=\"font-weight: 400;\">\u00a0<\/span><\/p>\n<table>\n<tbody>\n<tr>\n<td>\n<p style=\"text-align: center;\"><b>\u00bfInteresado en conseguir el m\u00e1ximo respaldo y comodidad? Usa gratis el <\/b><a title=\"comparador de seguros de viajes\" href=\"https:\/\/www.seguros-generales.es\/seguros-viaje.html\" target=\"_blank\" rel=\"noopener\"><b>comparador de seguros de viajes<\/b><\/a><b> y descubre los mejores precios en p\u00f3lizas.<\/b><\/p>\n<\/td>\n<\/tr>\n<\/tbody>\n<\/table>\n<p><span style=\"font-weight: 400;\">Asimismo, durante el encendido de luces en Vigo se hizo el silencio en se\u00f1al de respeto por las victimas que cobr\u00f3 la DANA. Se trata de una situaci\u00f3n que <\/span><b>dej\u00f3 un saldo de m\u00e1s de 220 v\u00edctimas fallecidas.<\/b><\/p>\n<p>&nbsp;<\/p>\n<h3><span class=\"ez-toc-section\" id=\"El_encendido_de_luces_en_Vigo_se_extendio_varias_calles\"><\/span><span style=\"color: #ff6600;\"><b>El encendido de luces en Vigo se extendi\u00f3 varias calles<\/b><\/span><span class=\"ez-toc-section-end\"><\/span><\/h3>\n<p><span style=\"font-weight: 400;\">No solo se sabe que el \u00e1rbol de navidad es de los m\u00e1s grandes en Espa\u00f1a, este detalle sigue siendo el centro de la ciudad incluso llega hasta Porta do Sol. Sin embargo, la Milla de Oro de la Navidad se extender\u00e1 m\u00e1s all\u00e1.\u00a0<\/span><\/p>\n<p><span style=\"font-weight: 400;\">Asimismo, en Vigo se extendieron ocho nuevos \u00e1rboles, que forman un bosque navide\u00f1o. Sin duda, la vibra navide\u00f1a en esta ciudad es bastante animada y el <\/span><b>show de encendido de luces es de los m\u00e1s ic\u00f3nicos en Espa\u00f1a.\u00a0<\/b><\/p>\n<p><span style=\"font-weight: 400;\">Adem\u00e1s del encendido de luces en Vigo, la decoraci\u00f3n se extiende y se despliegan algunas atracciones. Por ejemplo hay un mercado navide\u00f1o que es espectacular para ir en familia o con amigos.\u00a0<\/span><\/p>\n<p><span style=\"font-weight: 400;\">Adem\u00e1s, la <\/span><b>Navidad en Vigo<\/b><span style=\"font-weight: 400;\"> no solo se ve en el centro si no en otros sitios como el barrio de Bouzas, all\u00ed se instalar\u00e1n otras atracciones navide\u00f1as. Por otro lado, el mercado de C\u00edes se situar\u00e1 en la Alameda donde se ofrecer\u00e1n dulces y productos locales.<\/span><\/p>\n<p><a href=\"https:\/\/www.seguros-generales.es\/seguros-viaje.html\" target=\"_blank\" rel=\"noopener\"><img loading=\"lazy\" decoding=\"async\" class=\"aligncenter wp-image-1458 size-full\" title=\"comparador de seguros de viajes\" src=\"https:\/\/www.viaje-seguro.es\/blog\/wp-content\/uploads\/2024\/08\/VIAJE.png\" alt=\"comparador de seguros de viajes\" width=\"600\" height=\"200\" srcset=\"https:\/\/www.viaje-seguro.es\/blog\/wp-content\/uploads\/2024\/08\/VIAJE.png 600w, https:\/\/www.viaje-seguro.es\/blog\/wp-content\/uploads\/2024\/08\/VIAJE-480x160.png 480w\" sizes=\"(min-width: 0px) and (max-width: 480px) 480px, (min-width: 481px) 600px, 100vw\" \/><\/a><\/p>\n<h2><span class=\"ez-toc-section\" id=\"%C2%BFQue_hacer_en_Vigo_en_esta_navidad\"><\/span><span style=\"color: #ff6600;\"><b>\u00bfQu\u00e9 hacer en Vigo en esta navidad?<\/b><\/span><span class=\"ez-toc-section-end\"><\/span><\/h2>\n<p><span style=\"font-weight: 400;\">Este a\u00f1o hay mucho por ver y por hacer en Vigo, sobre todo en la Navidad. Por ejemplo, podr\u00e1s disfrutar de dos <\/span><b>pistas de hielo en la Plaza de Vialia<\/b><span style=\"font-weight: 400;\"> para ir con amigos, en pareja o en familia.<\/span><\/p>\n<p><span style=\"font-weight: 400;\">Por otro lado, este a\u00f1o se har\u00e1 la exposici\u00f3n <\/span><b><i>The Magical Miniworld Experience<\/i><\/b><span style=\"font-weight: 400;\">. Se trata de un recorrido bastante emocionante para los visitantes que son fanaticos de Harry Potter, siendo un aspecto muy especial de la ciudad.\u00a0<\/span><\/p>\n","protected":false},"excerpt":{"rendered":"<p>El emotivo encendido de luces en Vigo trajo consigo muchos comentarios y opiniones, por el inesperado mensaje de apoyo que fue compartido a la comunidad valenciana tras el paso de la DANA. El \u00e1rbol de Navidad de 44 metros se ilumin\u00f3 dejando entrever la bandera de la Comunidad Valenciana.\u00a0 Pero esto no fue todo, ya [&hellip;]<\/p>\n","protected":false},"author":3,"featured_media":1496,"comment_status":"open","ping_status":"open","sticky":false,"template":"","format":"standard","meta":{"_et_pb_use_builder":"","_et_pb_old_content":"","_et_gb_content_width":"","footnotes":""},"categories":[4],"tags":[843,844,842,847,846,845],"class_list":["post-1495","post","type-post","status-publish","format-standard","has-post-thumbnail","hentry","category-viajes","tag-encendido-de-luces-en-vigo","tag-encendido-de-luces-en-vigo-2024","tag-que-hacer-en-vigo","tag-que-hacer-en-vigo-2024","tag-que-hacer-en-vigo-en-familia","tag-que-hacer-en-vigo-en-navidad"],"_links":{"self":[{"href":"https:\/\/www.viaje-seguro.es\/blog\/wp-json\/wp\/v2\/posts\/1495","targetHints":{"allow":["GET"]}}],"collection":[{"href":"https:\/\/www.viaje-seguro.es\/blog\/wp-json\/wp\/v2\/posts"}],"about":[{"href":"https:\/\/www.viaje-seguro.es\/blog\/wp-json\/wp\/v2\/types\/post"}],"author":[{"embeddable":true,"href":"https:\/\/www.viaje-seguro.es\/blog\/wp-json\/wp\/v2\/users\/3"}],"replies":[{"embeddable":true,"href":"https:\/\/www.viaje-seguro.es\/blog\/wp-json\/wp\/v2\/comments?post=1495"}],"version-history":[{"count":1,"href":"https:\/\/www.viaje-seguro.es\/blog\/wp-json\/wp\/v2\/posts\/1495\/revisions"}],"predecessor-version":[{"id":1497,"href":"https:\/\/www.viaje-seguro.es\/blog\/wp-json\/wp\/v2\/posts\/1495\/revisions\/1497"}],"wp:featuredmedia":[{"embeddable":true,"href":"https:\/\/www.viaje-seguro.es\/blog\/wp-json\/wp\/v2\/media\/1496"}],"wp:attachment":[{"href":"https:\/\/www.viaje-seguro.es\/blog\/wp-json\/wp\/v2\/media?parent=1495"}],"wp:term":[{"taxonomy":"category","embeddable":true,"href":"https:\/\/www.viaje-seguro.es\/blog\/wp-json\/wp\/v2\/categories?post=1495"},{"taxonomy":"post_tag","embeddable":true,"href":"https:\/\/www.viaje-seguro.es\/blog\/wp-json\/wp\/v2\/tags?post=1495"}],"curies":[{"name":"wp","href":"https:\/\/api.w.org\/{rel}","templated":true}]}}